{"id":207,"date":"2018-12-03T23:59:27","date_gmt":"2018-12-03T23:59:27","guid":{"rendered":"http:\/\/www.sandnesms.no\/?p=207"},"modified":"2018-12-04T13:33:52","modified_gmt":"2018-12-04T13:33:52","slug":"sandnes-montessoriskole-har-fatt-medhold-i-klagen-hos-kunnskapsdepartementet","status":"publish","type":"post","link":"https:\/\/www.sandnesms.no\/index.php\/2018\/12\/03\/sandnes-montessoriskole-har-fatt-medhold-i-klagen-hos-kunnskapsdepartementet\/","title":{"rendered":"Sandnes Montessoriskole har f\u00e5tt medhold i klagen hos Kunnskapsdepartementet"},"content":{"rendered":"<h5><strong>Foreningen Sandnes Montessoriskole har hatt m\u00f8te 3.desember for \u00e5 diskutere vedtaket fra Kunnskapsdepartementet om \u00e5 gi foreningen medhold i klagesaken om opprettelse av Montessoriskole p\u00e5 Sandnes.<\/strong><\/h5>\n<p>Vi er sv\u00e6rt glade for at godkjenningen endelig er p\u00e5 plass, og at arbeidet videre med \u00e5 opprette et alternativt skoletilbud i Hadsel kommune endelig kan fortsette.<\/p>\n<p>&nbsp;<\/p>\n<h5><strong>Bred st\u00f8tte<\/strong><\/h5>\n<p>Helt siden foreningen ble opprettet for 2 \u00e5r siden har vi f\u00e5tt sv\u00e6rt mange positive tilbakemeldinger b\u00e5de fra n\u00e6rmilj\u00f8et, men ogs\u00e5 fra andre steder i kommunen, til og med fra andre steder av landet.<\/p>\n<p>Det viser seg at mange har oppdaget verdien av alternativ pedagogikk i grunnskolen, og at foreldrene selv \u00f8nsker \u00e5 velge hvilken type oppl\u00e6ring barna skal f\u00e5.<\/p>\n<p>&nbsp;<\/p>\n<h5><strong>Valgfrihet<\/strong><\/h5>\n<p>Vi tror at etableringen av Sandnes Montessoriskole vil gi kommunen et st\u00f8rre mangfold, og et bredere skoletilbud enn vi har hatt tidligere. Erfaringen fra \u00a0v\u00e5re nabokommuner viser at det er rom for et tilbud med alternativ pedagogikk til den offentlige skolen, og vi ser ingen grunn til at ikke innbyggerne i Hadsel ogs\u00e5 kan f\u00e5 det samme tilbudet.<\/p>\n<p>&nbsp;<\/p>\n<blockquote>\n<p style=\"text-align: right;\">Montessoripedagogikken bygger p\u00e5 et syn hvor barnet er i sentrum, og der sosial, emosjonell, fysisk og intellektuell utvikling er like viktige. Det handler om langt mer enn \u00e5 oppdra barn til \u00e5 kunne tilpasse seg normer, eller \u00e5 v\u00e6re egnet til et bestemt yrke.<br \/>\n&#8211; Norsk Montessoriforbund<\/p>\n<\/blockquote>\n<p>&nbsp;<\/p>\n<p>Prosessen med \u00e5 finne lokaler er allerede i gang, og vi regner med \u00e5 f\u00e5 etablert et godt samarbeid med Hadsel kommune.<\/p>\n<p>Foreningen \u00f8nsker \u00e5 rette en stor takk til alle v\u00e5re st\u00f8ttespillere b\u00e5de fra innsamlingsaksjonen som ogs\u00e5 viste stor giverglede langt utenfor kommunens grenser, men ogs\u00e5 til Montessoriskolene i v\u00e5re nabokommuner som har gitt oss sv\u00e6rt verdifull hjelp i prosessen med \u00e5 f\u00e5 godkjenningen i havn.<\/p>\n<p>&nbsp;<\/p>\n<h5><strong>Vil du vite mer om Montessori?<\/strong><\/h5>\n<p>Det finnes veldig mye nyttig informasjon for deg som \u00f8nsker \u00e5 vite litt mer om hva det inneb\u00e6rer \u00e5 g\u00e5 p\u00e5 en Montessoriskole. Vi vil blandt annet trekke frem historien om Bergsbygda Montessoriskole i Porsgrunn som du kan se en presentasjon av under.<br \/>\nVideoen tar for seg litt av hvordan skolehverdagen til elevene er, og hvordan l\u00e6remateriellet brukes.<\/p>\n<p><iframe loading=\"lazy\" title=\"Bergsbygda Montessoriskole\" width=\"640\" height=\"360\" src=\"https:\/\/www.youtube.com\/embed\/jnFEiWRMUe8?feature=oembed\" frameborder=\"0\" allow=\"accelerometer; autoplay; clipboard-write; encrypted-media; gyroscope; picture-in-picture; web-share\" referrerpolicy=\"strict-origin-when-cross-origin\" allowfullscreen><\/iframe><\/p>\n<h5><strong>\u00c5pen dag<\/strong><\/h5>\n<p>Montessoriskoler i n\u00e6rheten arrangerer \u00e5pen dag fra tid til annen. Det anbefales \u00e5 ta turen innom for eksempel Jennestad Montessoriskole nord for Sortland.<\/p>\n<p>Her f\u00e5r man se hvordan undervisningen foreg\u00e5r, og se selv hvordan elevene bruker l\u00e6remateriellet som Montessoripedagogikken er kjent for. Det er ogs\u00e5 en god anledning til \u00e5 sp\u00f8rre pedagogene hvordan skolehverdagen til elevene er bygd opp.<br \/>\nSe deres nettsider <a href=\"http:\/\/www.jennestadms.no\" target=\"_blank\" rel=\"noopener\">www.jennestadms.no<\/a> for mer informasjon om \u00e5pen dag.<\/p>\n<p>&nbsp;<\/p>\n<h5><strong>Norsk Montessoriforbund<\/strong><\/h5>\n<p><a href=\"https:\/\/montessorinorge.no\" target=\"_blank\" rel=\"noopener\">Norsk Montessoriforbund<\/a> har ogs\u00e5 sv\u00e6rt mye nyttig informasjon for deg som er ivirig etter \u00e5 skaffe deg enda mer kunnskap om dette.<\/p>\n<p>Et god start er videoen under som gir enda flere detaljer om hvordan pedagogikken er bygd opp, og hvordan pedagogene tenker n\u00e5r de skal bygge opp skolehverdagen<\/p>\n<p><iframe loading=\"lazy\" title=\"Hva er montessoripedagogikk?\" width=\"640\" height=\"360\" src=\"https:\/\/www.youtube.com\/embed\/Z75fvGzNsR8?feature=oembed\" frameborder=\"0\" allow=\"accelerometer; autoplay; clipboard-write; encrypted-media; gyroscope; picture-in-picture; web-share\" referrerpolicy=\"strict-origin-when-cross-origin\" allowfullscreen><\/iframe><\/p>\n<p>Artikkel hos Bladet Vester\u00e5len (Pluss): <a href=\"http:\/\/www.blv.no\/kjop-tilgang?aId=1.2536920\" target=\"_blank\" rel=\"noopener\">Kunnskapsdepartementet godkjenner ungdomstrinn<\/a><br \/>\nArtikkel hos Vester\u00e5len Online (Pluss): <a href=\"https:\/\/vol.alda.no\/bestillpluss?1&amp;artRefId=17954071&amp;aviskode=VOL&amp;targetUrl=https%253A%252F%252Fwww.vol.no%252F%253Fservice%253DpaywallRedirect%2526articleUrl%253Dhttps%253A%252F%252Fwww.vol.no%252Fpluss%252Farticle17954071.ece\" target=\"_blank\" rel=\"noopener\">Innbyggerne fortjener alternativer<\/a><\/p>\n<p>&nbsp;<\/p>\n","protected":false},"excerpt":{"rendered":"<p>Foreningen Sandnes Montessoriskole har hatt m\u00f8te 3.desember for \u00e5 diskutere vedtaket fra Kunnskapsdepartementet om \u00e5 gi foreningen medhold i klagesaken om opprettelse av Montessoriskole p\u00e5 Sandnes. Vi er sv\u00e6rt glade for at godkjenningen endelig er p\u00e5 plass, og at arbeidet videre med \u00e5 opprette et alternativt skoletilbud i Hadsel kommune endelig kan fortsette. &nbsp; Bred <a href=\"https:\/\/www.sandnesms.no\/index.php\/2018\/12\/03\/sandnes-montessoriskole-har-fatt-medhold-i-klagen-hos-kunnskapsdepartementet\/\" rel=\"nofollow\"><span class=\"sr-only\">Les mer omSandnes Montessoriskole har f\u00e5tt medhold i klagen hos Kunnskapsdepartementet<\/span>[&hellip;]<\/a><\/p>\n","protected":false},"author":1,"featured_media":187,"comment_status":"closed","ping_status":"open","sticky":false,"template":"","format":"standard","meta":{"footnotes":""},"categories":[1],"tags":[],"class_list":["post-207","post","type-post","status-publish","format-standard","has-post-thumbnail","hentry","category-uncategorized"],"_links":{"self":[{"href":"https:\/\/www.sandnesms.no\/index.php\/wp-json\/wp\/v2\/posts\/207","targetHints":{"allow":["GET"]}}],"collection":[{"href":"https:\/\/www.sandnesms.no\/index.php\/wp-json\/wp\/v2\/posts"}],"about":[{"href":"https:\/\/www.sandnesms.no\/index.php\/wp-json\/wp\/v2\/types\/post"}],"author":[{"embeddable":true,"href":"https:\/\/www.sandnesms.no\/index.php\/wp-json\/wp\/v2\/users\/1"}],"replies":[{"embeddable":true,"href":"https:\/\/www.sandnesms.no\/index.php\/wp-json\/wp\/v2\/comments?post=207"}],"version-history":[{"count":31,"href":"https:\/\/www.sandnesms.no\/index.php\/wp-json\/wp\/v2\/posts\/207\/revisions"}],"predecessor-version":[{"id":244,"href":"https:\/\/www.sandnesms.no\/index.php\/wp-json\/wp\/v2\/posts\/207\/revisions\/244"}],"wp:featuredmedia":[{"embeddable":true,"href":"https:\/\/www.sandnesms.no\/index.php\/wp-json\/wp\/v2\/media\/187"}],"wp:attachment":[{"href":"https:\/\/www.sandnesms.no\/index.php\/wp-json\/wp\/v2\/media?parent=207"}],"wp:term":[{"taxonomy":"category","embeddable":true,"href":"https:\/\/www.sandnesms.no\/index.php\/wp-json\/wp\/v2\/categories?post=207"},{"taxonomy":"post_tag","embeddable":true,"href":"https:\/\/www.sandnesms.no\/index.php\/wp-json\/wp\/v2\/tags?post=207"}],"curies":[{"name":"wp","href":"https:\/\/api.w.org\/{rel}","templated":true}]}}